{"id":654,"date":"2022-09-05T13:14:10","date_gmt":"2022-09-05T11:14:10","guid":{"rendered":"https:\/\/livity.ch\/kurse\/?p=654"},"modified":"2022-09-05T13:14:14","modified_gmt":"2022-09-05T11:14:14","slug":"duerre-in-europa","status":"publish","type":"post","link":"https:\/\/livity.ch\/kurse\/2022\/09\/05\/duerre-in-europa\/","title":{"rendered":"D\u00fcrre in Europa"},"content":{"rendered":"\n<ul class=\"wp-block-list\"><li>Im S\u00fcden Spaniens ist eines der wichtigsten Feuchtgebiete Europas ist ausgetrocknet.<\/li><li>Die letzte Lagune des Nationalparks Coto de Do\u00f1ana ist vollkommen trocken, wie die spanische Zeitung \u00abEl Pa\u00eds\u00bb und regionale Medien berichten.<\/li><li>Als Gr\u00fcnde gelten die \u00fcberm\u00e4ssige Entnahme von Grundwasser etwa f\u00fcr Erdbeerfelder und den Tourismus sowie die langandauernde D\u00fcrre, die vom Klimawandel verst\u00e4rkt wird.<\/li><\/ul>\n\n\n\n<p><a href=\"https:\/\/www.srf.ch\/news\/international\/duerre-in-europa-wichtiges-spanisches-feuchtgebiet-ausgetrocknet\" target=\"_blank\" rel=\"noreferrer noopener\">zum Artikel<\/a><\/p>\n","protected":false},"excerpt":{"rendered":"<p>Im S\u00fcden Spaniens ist eines der wichtigsten Feuchtgebiete Europas ist ausgetrocknet. Die letzte Lagune des Nationalparks Coto de Do\u00f1ana ist vollkommen trocken, wie die spanische Zeitung \u00abEl Pa\u00eds\u00bb und regionale Medien berichten. Als Gr\u00fcnde gelten die \u00fcberm\u00e4ssige Entnahme von Grundwasser etwa f\u00fcr Erdbeerfelder und den Tourismus sowie die langandauernde D\u00fcrre, die vom Klimawandel verst\u00e4rkt wird. &hellip; <\/p>\n","protected":false},"author":1,"featured_media":0,"comment_status":"open","ping_status":"open","sticky":false,"template":"","format":"standard","meta":{"footnotes":""},"categories":[37,54,18],"tags":[44,62,30,46],"class_list":["post-654","post","type-post","status-publish","format-standard","hentry","category-landwirtschaft","category-nahrungsmittelindustrie","category-wirtschaft","tag-klima","tag-landwirtschaft","tag-nachhaltigkeit","tag-nahrungsmittel","grid-sizer"],"_links":{"self":[{"href":"https:\/\/livity.ch\/kurse\/wp-json\/wp\/v2\/posts\/654","targetHints":{"allow":["GET"]}}],"collection":[{"href":"https:\/\/livity.ch\/kurse\/wp-json\/wp\/v2\/posts"}],"about":[{"href":"https:\/\/livity.ch\/kurse\/wp-json\/wp\/v2\/types\/post"}],"author":[{"embeddable":true,"href":"https:\/\/livity.ch\/kurse\/wp-json\/wp\/v2\/users\/1"}],"replies":[{"embeddable":true,"href":"https:\/\/livity.ch\/kurse\/wp-json\/wp\/v2\/comments?post=654"}],"version-history":[{"count":1,"href":"https:\/\/livity.ch\/kurse\/wp-json\/wp\/v2\/posts\/654\/revisions"}],"predecessor-version":[{"id":655,"href":"https:\/\/livity.ch\/kurse\/wp-json\/wp\/v2\/posts\/654\/revisions\/655"}],"wp:attachment":[{"href":"https:\/\/livity.ch\/kurse\/wp-json\/wp\/v2\/media?parent=654"}],"wp:term":[{"taxonomy":"category","embeddable":true,"href":"https:\/\/livity.ch\/kurse\/wp-json\/wp\/v2\/categories?post=654"},{"taxonomy":"post_tag","embeddable":true,"href":"https:\/\/livity.ch\/kurse\/wp-json\/wp\/v2\/tags?post=654"}],"curies":[{"name":"wp","href":"https:\/\/api.w.org\/{rel}","templated":true}]}}